{"current_page":1,"data":[{"id":19,"user_id":12,"city_id":2,"category_id":1,"title":"BODEGA DO PABLO","slug":"bodega-do-pablo","excerpt":"Pablo, Zezo, Conde S\u00f3 Brega","description":"Dia 120 de setembro tem um senhor encontro de vozes e m\u00fasicas para cantar junto no Classic Hall.\r\n\r\n@zezopotiguar chega ao nosso palco ao lado do anfitri\u00e3o @pablo_oficial e @ocondesobrega para uma noite cheia de emo\u00e7\u00e3o.\r\n\r\n\u00c9 hora de garantir seu ingresso para viver esse momento com a gente.\r\n\r\nBora garantir?","starts_at":"2026-09-12T23:00:00.000000Z","ends_at":null,"timezone":"America\/Recife","venue_name":"Classic Hall","address":"Av. Agamenon Magalh\u00e3es, s\/n","neighborhood":"Olinda","latitude":null,"longitude":null,"price_type":"paid","price_from":"60.00","ticket_url":"https:\/\/www.bilheteriadigital.com\/bodega-do-pablo-12-de-setembro","organizer_name":"Bilheteria Digital","organizer_contact":"888888888","website_url":"https:\/\/www.bilheteriadigital.com\/bodega-do-pablo-12-de-setembro","instagram_url":"https:\/\/www.instagram.com\/abodegadopablo\/","age_rating":"18","accessibility":null,"image_path":"events\/BPfB7O1Jbu7F7mZTUkQ6WFFalVu8vCNSD1AItu12.jpg","status":"published","featured":false,"verified_at":"2026-07-16T18:49:16.000000Z","published_at":"2026-07-16T18:49:16.000000Z","views":87,"rejection_reason":null,"created_at":"2026-07-16T18:47:15.000000Z","updated_at":"2026-09-04T22:48:09.000000Z","city":{"id":2,"name":"Olinda","slug":"olinda"},"category":{"id":1,"name":"Shows","slug":"shows"}},{"id":20,"user_id":12,"city_id":2,"category_id":1,"title":"Victor & Leo Turn\u00ea Ess\u00eancia","slug":"victor-leo-turne-essencia","excerpt":"Qualidade, dedica\u00e7\u00e3o e verdade sempre estiveram presentes na carreira dos irm\u00e3os Victor & Leo seguem com a sua hist\u00f3ria para todo o pa\u00eds, agora para novas datas com a turn\u00ea \"Ess\u00eancia\", reunindo can\u00e7\u00f5es que marcaram n\u00e3o s\u00f3 a m\u00fasica sertaneja, como a vida de diversas gera\u00e7\u00f5es de brasileiros.","description":"Qualidade, dedica\u00e7\u00e3o e verdade sempre estiveram presentes na carreira dos irm\u00e3os Victor & Leo seguem com a sua hist\u00f3ria para todo o pa\u00eds, agora para novas datas com a turn\u00ea \"Ess\u00eancia\", reunindo can\u00e7\u00f5es que marcaram n\u00e3o s\u00f3 a m\u00fasica sertaneja, como a vida de diversas gera\u00e7\u00f5es de brasileiros.\r\n\r\nEm suas apresenta\u00e7\u00f5es, a dupla encontra um p\u00fablico que passeia da gera\u00e7\u00e3o Y (Millennials) a Alfa, feito raro para um artista nos dias atuais. Com o prop\u00f3sito de apresentar suas verdades e ra\u00edzes por onde passam, os irm\u00e3os se apresentar\u00e3o com a turn\u00ea \"Ess\u00eancia\" em grandes cidades do Brasil, come\u00e7ando por: S\u00e3o Paulo, Fortaleza, Porto Alegre, Recife, Rio de Janeiro e Uberl\u00e2ndia, proporcionando ao p\u00fablico uma experi\u00eancia marcada pela mem\u00f3ria afetiva, proximidade com os f\u00e3s e pela for\u00e7a das composi\u00e7\u00f5es que fizeram parte da hist\u00f3ria de Victor & Leo e tantos outros brasileiros.","starts_at":"2026-09-18T23:00:00.000000Z","ends_at":null,"timezone":"America\/Recife","venue_name":"Classic Hall","address":"Av. Governador Agamenon Magalh\u00e3es, S\/N - Salgadinho - Olinda - PE","neighborhood":"Olinda","latitude":null,"longitude":null,"price_type":"paid","price_from":"70.00","ticket_url":"https:\/\/www.ticket360.com.br\/ingressos\/33017\/ingressos-para-victor-e-leo-turne-essencia?continuar=1","organizer_name":"EDITORA CHAVES LTDA (CNPJ: 21.802.214\/0001-51)","organizer_contact":"00000000000000","website_url":"https:\/\/victoreleo.com.br","instagram_url":"https:\/\/www.instagram.com\/globalmusic\/","age_rating":"16","accessibility":null,"image_path":"events\/WYQgWNdRoVFlIRaZBLLMdAhuYRKFb3B8Al8sEbHG.jpg","status":"published","featured":false,"verified_at":"2026-07-16T19:54:57.000000Z","published_at":"2026-07-16T19:54:57.000000Z","views":84,"rejection_reason":null,"created_at":"2026-07-16T19:16:59.000000Z","updated_at":"2026-09-04T20:05:15.000000Z","city":{"id":2,"name":"Olinda","slug":"olinda"},"category":{"id":1,"name":"Shows","slug":"shows"}}],"first_page_url":"https:\/\/www.pernambucoeventos.com.br\/api\/v1\/events?page=1","from":1,"last_page":1,"last_page_url":"https:\/\/www.pernambucoeventos.com.br\/api\/v1\/events?page=1","links":[{"url":null,"label":"pagination.previous","page":null,"active":false},{"url":"https:\/\/www.pernambucoeventos.com.br\/api\/v1\/events?page=1","label":"1","page":1,"active":true},{"url":null,"label":"pagination.next","page":null,"active":false}],"next_page_url":null,"path":"https:\/\/www.pernambucoeventos.com.br\/api\/v1\/events","per_page":20,"prev_page_url":null,"to":2,"total":2}